{"id":13855,"date":"2025-10-13T07:26:53","date_gmt":"2025-10-13T07:26:53","guid":{"rendered":"https:\/\/www.yiaho.com\/anne-le-henanff-meet-the-new-french-minister-of-artificial-intelligence\/"},"modified":"2025-10-13T07:26:53","modified_gmt":"2025-10-13T07:26:53","slug":"anne-le-henanff-meet-the-new-french-minister-of-artificial-intelligence","status":"publish","type":"post","link":"https:\/\/www.yiaho.com\/en\/anne-le-henanff-meet-the-new-french-minister-of-artificial-intelligence\/","title":{"rendered":"Anne Le H\u00e9nanff: Meet the new French Minister of Artificial Intelligence"},"content":{"rendered":"<p>Artificial intelligence is now a societal, sovereignty, and competitiveness issue. In France, where the ambition is to become a European leader in AI, a new figure is emerging to advance this vision. Anne Le H\u00e9nanff, newly appointed Minister Delegate for Artificial Intelligence and Digital Transition, takes the helm of a strategic portfolio.  <\/p>\n<p>Who is this woman from Brittany, and what can we expect from her actions to boost French AI? The Yiaho team is naturally interested in the future of AI, so let&#8217;s delve into her profile and the challenges that await her. <\/p>\n<h2>A Breton Woman Conquering AI and Digital<\/h2>\n<p>On October 12, 2025, the \u00c9lys\u00e9e announced the composition of the Lecornu II government, and among the key appointments is Anne Le H\u00e9nanff as Minister Delegate for Artificial Intelligence and Digital Affairs, under the Minister of Economy, Finance, and Industrial, Energy, and Digital Sovereignty.<\/p>\n<p>At 56, Anne Le H\u00e9nanff is no political novice, but her arrival at the Ministry of AI marks her first national-level post. An elected official from Vannes, Morbihan, she has been involved in local politics for over fifteen years, serving as a municipal councilor and joining the National Assembly in 2022 under the Horizons party. With a background in economics, she has focused on digital transition issues, particularly in rural areas where technological infrastructure remains uneven.  <\/p>\n<p>In the Assembly, she participated in work on new technologies, especially in cybersecurity and innovation. She contributed to a parliamentary report on AI applied to defense, highlighting the importance of technologies for national sovereignty. <\/p>\n<p>Also read on this topic: <a href=\"https:\/\/www.yiaho.com\/en\/dare-to-ai-the-government-launches-a-plan-to-democratize-artificial-intelligence-in-business\/\" target=\"_blank\" rel=\"noopener\">&#8220;Dare AI&#8221;: The government launches a plan to democratize artificial intelligence in businesses<\/a><\/p>\n<h2>AI: A Strategic, Yet Complex Ministry<\/h2>\n<p>The creation of a dedicated AI portfolio reflects the growing role of this technology in France&#8217;s strategy. With initiatives like France 2030 and the emergence of startups like Yiaho or <a href=\"https:\/\/www.yiaho.com\/en\/mistral-ai-the-story-of-a-french-startup-in-the-global-ai-arena\/\" target=\"_blank\" rel=\"noopener\">Mistral<\/a>, the country seeks to position itself against global leaders, notably the United States and China. But the obstacles are numerous: a shortage of specialists, ethical debates, and the implementation of the European <a href=\"https:\/\/www.yiaho.com\/en\/ia-act-discover-european-regulation-for-artificial-intelligence\/\" target=\"_blank\" rel=\"noopener\">AI Act<\/a>.  <\/p>\n<p>Anne Le H\u00e9nanff inherits a key but unstable position, following several Digital Ministers in a short period. Her priorities will likely include developing AI skills, supporting innovative companies, and securing digital infrastructure. She has already mentioned the idea of AI being accessible to all regions, but her statements remain general for now.  <\/p>\n<p><strong>Anne Le H\u00e9nanff&#8217;s mandate promises to be busy. Among the challenges: <\/strong><\/p>\n<ul>\n<li><strong>Training and talent<\/strong>: France lacks AI experts. Efforts to strengthen university and professional training will be necessary. <\/li>\n<li><strong>Ecosystem support<\/strong>: Startups and SMEs expect funding and a clear regulatory framework to compete internationally.<\/li>\n<li><strong>Ethical balance and sovereignty<\/strong>: The Minister will have to navigate between European ethical requirements and the desire to develop autonomous French AI.<\/li>\n<\/ul>\n<p>The economic context, with a pressured 2025 budget, could limit room for maneuver. Moreover, global competition in AI demands rapid and effective decisions, a challenge for a minister still relatively unknown at this level. <\/p>\n<h2>What Impact for French AI?<\/h2>\n<p>Anne Le H\u00e9nanff&#8217;s arrival comes at a time when France is seeking to realize its AI ambitions. Her local experience and work on digital issues provide her with a foundation to address these questions, but her ability to unite stakeholders and achieve concrete results remains to be proven. The tech community, as well as citizens, expect tangible actions to close France&#8217;s gap in certain areas.  <\/p>\n<p>What do you think of this appointment? What do you believe are the priority projects for AI in France? Leave your comments and follow Yiaho for the latest <a href=\"https:\/\/www.yiaho.com\/en\/category\/ai-news\/\" target=\"_blank\" rel=\"noopener\">artificial intelligence news<\/a>.  <\/p>\n","protected":false},"excerpt":{"rendered":"<p>Artificial intelligence is now a societal, sovereignty, and competitiveness issue. In France, where the ambition is to become a European leader in AI, a new figure is emerging to advance this vision. Anne Le H\u00e9nanff, newly appointed Minister Delegate for Artificial Intelligence and Digital Transition, takes the helm of a strategic portfolio. Who is this&hellip;&nbsp;<a href=\"https:\/\/www.yiaho.com\/en\/anne-le-henanff-meet-the-new-french-minister-of-artificial-intelligence\/\" rel=\"bookmark\">Read More &raquo;<span class=\"screen-reader-text\">Anne Le H\u00e9nanff: Meet the new French Minister of Artificial Intelligence<\/span><\/a><\/p>\n","protected":false},"author":4,"featured_media":13856,"comment_status":"open","ping_status":"open","sticky":false,"template":"","format":"standard","meta":{"neve_meta_sidebar":"","neve_meta_container":"","neve_meta_enable_content_width":"off","neve_meta_content_width":70,"neve_meta_title_alignment":"","neve_meta_author_avatar":"","neve_post_elements_order":"","neve_meta_disable_header":"","neve_meta_disable_footer":"","neve_meta_disable_title":"","neve_meta_reading_time":"","footnotes":""},"categories":[49],"tags":[],"class_list":["post-13855","post","type-post","status-publish","format-standard","has-post-thumbnail","hentry","category-ai-news"],"yoast_head":"<!-- This site is optimized with the Yoast SEO plugin v27.5 - https:\/\/yoast.com\/product\/yoast-seo-wordpress\/ -->\n<title>Anne Le H\u00e9nanff: Meet the new French Minister of Artificial Intelligence<\/title>\n<meta name=\"description\" content=\"Anne Le H\u00e9nanff, new Minister of AI and Digital Affairs in France. Here&#039;s her background and the challenges of artificial intelligence.\" \/>\n<meta name=\"robots\" content=\"index, follow, max-snippet:-1, max-image-preview:large, max-video-preview:-1\" \/>\n<link rel=\"canonical\" href=\"https:\/\/www.yiaho.com\/en\/anne-le-henanff-meet-the-new-french-minister-of-artificial-intelligence\/\" \/>\n<meta property=\"og:locale\" content=\"en_US\" \/>\n<meta property=\"og:type\" content=\"article\" \/>\n<meta property=\"og:title\" content=\"Anne Le H\u00e9nanff: Meet the new French Minister of Artificial Intelligence\" \/>\n<meta property=\"og:description\" content=\"Anne Le H\u00e9nanff, new Minister of AI and Digital Affairs in France. Here&#039;s her background and the challenges of artificial intelligence.\" \/>\n<meta property=\"og:url\" content=\"https:\/\/www.yiaho.com\/en\/anne-le-henanff-meet-the-new-french-minister-of-artificial-intelligence\/\" \/>\n<meta property=\"og:site_name\" content=\"YIAHO\" \/>\n<meta property=\"article:publisher\" content=\"https:\/\/www.facebook.com\/yiaho.ia.gratuite\" \/>\n<meta property=\"article:published_time\" content=\"2025-10-13T07:26:53+00:00\" \/>\n<meta property=\"og:image\" content=\"https:\/\/www.yiaho.com\/wp-content\/uploads\/2025\/10\/ministre_ia_anne-le-henanff.jpg\" \/>\n\t<meta property=\"og:image:width\" content=\"1000\" \/>\n\t<meta property=\"og:image:height\" content=\"598\" \/>\n\t<meta property=\"og:image:type\" content=\"image\/jpeg\" \/>\n<meta name=\"author\" content=\"G. de Yiaho\" \/>\n<meta name=\"twitter:card\" content=\"summary_large_image\" \/>\n<meta name=\"twitter:creator\" content=\"@Yiaho_AI\" \/>\n<meta name=\"twitter:site\" content=\"@Yiaho_AI\" \/>\n<meta name=\"twitter:label1\" content=\"Written by\" \/>\n\t<meta name=\"twitter:data1\" content=\"G. de Yiaho\" \/>\n\t<meta name=\"twitter:label2\" content=\"Est. reading time\" \/>\n\t<meta name=\"twitter:data2\" content=\"3 minutes\" \/>\n<script type=\"application\/ld+json\" class=\"yoast-schema-graph\">{\"@context\":\"https:\\\/\\\/schema.org\",\"@graph\":[{\"@type\":\"Article\",\"@id\":\"https:\\\/\\\/www.yiaho.com\\\/en\\\/anne-le-henanff-meet-the-new-french-minister-of-artificial-intelligence\\\/#article\",\"isPartOf\":{\"@id\":\"https:\\\/\\\/www.yiaho.com\\\/en\\\/anne-le-henanff-meet-the-new-french-minister-of-artificial-intelligence\\\/\"},\"author\":{\"name\":\"G. de Yiaho\",\"@id\":\"https:\\\/\\\/www.yiaho.com\\\/en\\\/#\\\/schema\\\/person\\\/09fcc2462849b463e2b2511013897d80\"},\"headline\":\"Anne Le H\u00e9nanff: Meet the new French Minister of Artificial Intelligence\",\"datePublished\":\"2025-10-13T07:26:53+00:00\",\"mainEntityOfPage\":{\"@id\":\"https:\\\/\\\/www.yiaho.com\\\/en\\\/anne-le-henanff-meet-the-new-french-minister-of-artificial-intelligence\\\/\"},\"wordCount\":613,\"commentCount\":0,\"publisher\":{\"@id\":\"https:\\\/\\\/www.yiaho.com\\\/en\\\/#organization\"},\"image\":{\"@id\":\"https:\\\/\\\/www.yiaho.com\\\/en\\\/anne-le-henanff-meet-the-new-french-minister-of-artificial-intelligence\\\/#primaryimage\"},\"thumbnailUrl\":\"https:\\\/\\\/www.yiaho.com\\\/wp-content\\\/uploads\\\/2025\\\/10\\\/ministre_ia_anne-le-henanff.jpg\",\"articleSection\":[\"AI News\"],\"inLanguage\":\"en-US\",\"potentialAction\":[{\"@type\":\"CommentAction\",\"name\":\"Comment\",\"target\":[\"https:\\\/\\\/www.yiaho.com\\\/en\\\/anne-le-henanff-meet-the-new-french-minister-of-artificial-intelligence\\\/#respond\"]}]},{\"@type\":\"WebPage\",\"@id\":\"https:\\\/\\\/www.yiaho.com\\\/en\\\/anne-le-henanff-meet-the-new-french-minister-of-artificial-intelligence\\\/\",\"url\":\"https:\\\/\\\/www.yiaho.com\\\/en\\\/anne-le-henanff-meet-the-new-french-minister-of-artificial-intelligence\\\/\",\"name\":\"Anne Le H\u00e9nanff: Meet the new French Minister of Artificial Intelligence\",\"isPartOf\":{\"@id\":\"https:\\\/\\\/www.yiaho.com\\\/en\\\/#website\"},\"primaryImageOfPage\":{\"@id\":\"https:\\\/\\\/www.yiaho.com\\\/en\\\/anne-le-henanff-meet-the-new-french-minister-of-artificial-intelligence\\\/#primaryimage\"},\"image\":{\"@id\":\"https:\\\/\\\/www.yiaho.com\\\/en\\\/anne-le-henanff-meet-the-new-french-minister-of-artificial-intelligence\\\/#primaryimage\"},\"thumbnailUrl\":\"https:\\\/\\\/www.yiaho.com\\\/wp-content\\\/uploads\\\/2025\\\/10\\\/ministre_ia_anne-le-henanff.jpg\",\"datePublished\":\"2025-10-13T07:26:53+00:00\",\"description\":\"Anne Le H\u00e9nanff, new Minister of AI and Digital Affairs in France. Here's her background and the challenges of artificial intelligence.\",\"breadcrumb\":{\"@id\":\"https:\\\/\\\/www.yiaho.com\\\/en\\\/anne-le-henanff-meet-the-new-french-minister-of-artificial-intelligence\\\/#breadcrumb\"},\"inLanguage\":\"en-US\",\"potentialAction\":[{\"@type\":\"ReadAction\",\"target\":[\"https:\\\/\\\/www.yiaho.com\\\/en\\\/anne-le-henanff-meet-the-new-french-minister-of-artificial-intelligence\\\/\"]}]},{\"@type\":\"ImageObject\",\"inLanguage\":\"en-US\",\"@id\":\"https:\\\/\\\/www.yiaho.com\\\/en\\\/anne-le-henanff-meet-the-new-french-minister-of-artificial-intelligence\\\/#primaryimage\",\"url\":\"https:\\\/\\\/www.yiaho.com\\\/wp-content\\\/uploads\\\/2025\\\/10\\\/ministre_ia_anne-le-henanff.jpg\",\"contentUrl\":\"https:\\\/\\\/www.yiaho.com\\\/wp-content\\\/uploads\\\/2025\\\/10\\\/ministre_ia_anne-le-henanff.jpg\",\"width\":1000,\"height\":598,\"caption\":\"The new AI minister. Image source: annelehenanff.bzh\"},{\"@type\":\"BreadcrumbList\",\"@id\":\"https:\\\/\\\/www.yiaho.com\\\/en\\\/anne-le-henanff-meet-the-new-french-minister-of-artificial-intelligence\\\/#breadcrumb\",\"itemListElement\":[{\"@type\":\"ListItem\",\"position\":1,\"name\":\"Accueil\",\"item\":\"https:\\\/\\\/www.yiaho.com\\\/en\\\/home\\\/\"},{\"@type\":\"ListItem\",\"position\":2,\"name\":\"Anne Le H\u00e9nanff: Meet the new French Minister of Artificial Intelligence\"}]},{\"@type\":\"WebSite\",\"@id\":\"https:\\\/\\\/www.yiaho.com\\\/en\\\/#website\",\"url\":\"https:\\\/\\\/www.yiaho.com\\\/en\\\/\",\"name\":\"YIAHO\",\"description\":\"L&#039;intelligence Artificielle gratuite en ligne et fran\u00e7aise\",\"publisher\":{\"@id\":\"https:\\\/\\\/www.yiaho.com\\\/en\\\/#organization\"},\"potentialAction\":[{\"@type\":\"SearchAction\",\"target\":{\"@type\":\"EntryPoint\",\"urlTemplate\":\"https:\\\/\\\/www.yiaho.com\\\/en\\\/?s={search_term_string}\"},\"query-input\":{\"@type\":\"PropertyValueSpecification\",\"valueRequired\":true,\"valueName\":\"search_term_string\"}}],\"inLanguage\":\"en-US\"},{\"@type\":\"Organization\",\"@id\":\"https:\\\/\\\/www.yiaho.com\\\/en\\\/#organization\",\"name\":\"Yiaho\",\"url\":\"https:\\\/\\\/www.yiaho.com\\\/en\\\/\",\"logo\":{\"@type\":\"ImageObject\",\"inLanguage\":\"en-US\",\"@id\":\"https:\\\/\\\/www.yiaho.com\\\/en\\\/#\\\/schema\\\/logo\\\/image\\\/\",\"url\":\"https:\\\/\\\/www.yiaho.com\\\/wp-content\\\/uploads\\\/2025\\\/11\\\/YIAHO-logo.webp\",\"contentUrl\":\"https:\\\/\\\/www.yiaho.com\\\/wp-content\\\/uploads\\\/2025\\\/11\\\/YIAHO-logo.webp\",\"width\":417,\"height\":424,\"caption\":\"Yiaho\"},\"image\":{\"@id\":\"https:\\\/\\\/www.yiaho.com\\\/en\\\/#\\\/schema\\\/logo\\\/image\\\/\"},\"sameAs\":[\"https:\\\/\\\/www.facebook.com\\\/yiaho.ia.gratuite\",\"https:\\\/\\\/x.com\\\/Yiaho_AI\"]},{\"@type\":\"Person\",\"@id\":\"https:\\\/\\\/www.yiaho.com\\\/en\\\/#\\\/schema\\\/person\\\/09fcc2462849b463e2b2511013897d80\",\"name\":\"G. de Yiaho\",\"image\":{\"@type\":\"ImageObject\",\"inLanguage\":\"en-US\",\"@id\":\"https:\\\/\\\/www.yiaho.com\\\/wp-content\\\/uploads\\\/2025\\\/11\\\/YIAHO-logo-96x96.webp\",\"url\":\"https:\\\/\\\/www.yiaho.com\\\/wp-content\\\/uploads\\\/2025\\\/11\\\/YIAHO-logo-96x96.webp\",\"contentUrl\":\"https:\\\/\\\/www.yiaho.com\\\/wp-content\\\/uploads\\\/2025\\\/11\\\/YIAHO-logo-96x96.webp\",\"caption\":\"G. de Yiaho\"}}]}<\/script>\n<!-- \/ Yoast SEO plugin. -->","yoast_head_json":{"title":"Anne Le H\u00e9nanff: Meet the new French Minister of Artificial Intelligence","description":"Anne Le H\u00e9nanff, new Minister of AI and Digital Affairs in France. Here's her background and the challenges of artificial intelligence.","robots":{"index":"index","follow":"follow","max-snippet":"max-snippet:-1","max-image-preview":"max-image-preview:large","max-video-preview":"max-video-preview:-1"},"canonical":"https:\/\/www.yiaho.com\/en\/anne-le-henanff-meet-the-new-french-minister-of-artificial-intelligence\/","og_locale":"en_US","og_type":"article","og_title":"Anne Le H\u00e9nanff: Meet the new French Minister of Artificial Intelligence","og_description":"Anne Le H\u00e9nanff, new Minister of AI and Digital Affairs in France. Here's her background and the challenges of artificial intelligence.","og_url":"https:\/\/www.yiaho.com\/en\/anne-le-henanff-meet-the-new-french-minister-of-artificial-intelligence\/","og_site_name":"YIAHO","article_publisher":"https:\/\/www.facebook.com\/yiaho.ia.gratuite","article_published_time":"2025-10-13T07:26:53+00:00","og_image":[{"width":1000,"height":598,"url":"https:\/\/www.yiaho.com\/wp-content\/uploads\/2025\/10\/ministre_ia_anne-le-henanff.jpg","type":"image\/jpeg"}],"author":"G. de Yiaho","twitter_card":"summary_large_image","twitter_creator":"@Yiaho_AI","twitter_site":"@Yiaho_AI","twitter_misc":{"Written by":"G. de Yiaho","Est. reading time":"3 minutes"},"schema":{"@context":"https:\/\/schema.org","@graph":[{"@type":"Article","@id":"https:\/\/www.yiaho.com\/en\/anne-le-henanff-meet-the-new-french-minister-of-artificial-intelligence\/#article","isPartOf":{"@id":"https:\/\/www.yiaho.com\/en\/anne-le-henanff-meet-the-new-french-minister-of-artificial-intelligence\/"},"author":{"name":"G. de Yiaho","@id":"https:\/\/www.yiaho.com\/en\/#\/schema\/person\/09fcc2462849b463e2b2511013897d80"},"headline":"Anne Le H\u00e9nanff: Meet the new French Minister of Artificial Intelligence","datePublished":"2025-10-13T07:26:53+00:00","mainEntityOfPage":{"@id":"https:\/\/www.yiaho.com\/en\/anne-le-henanff-meet-the-new-french-minister-of-artificial-intelligence\/"},"wordCount":613,"commentCount":0,"publisher":{"@id":"https:\/\/www.yiaho.com\/en\/#organization"},"image":{"@id":"https:\/\/www.yiaho.com\/en\/anne-le-henanff-meet-the-new-french-minister-of-artificial-intelligence\/#primaryimage"},"thumbnailUrl":"https:\/\/www.yiaho.com\/wp-content\/uploads\/2025\/10\/ministre_ia_anne-le-henanff.jpg","articleSection":["AI News"],"inLanguage":"en-US","potentialAction":[{"@type":"CommentAction","name":"Comment","target":["https:\/\/www.yiaho.com\/en\/anne-le-henanff-meet-the-new-french-minister-of-artificial-intelligence\/#respond"]}]},{"@type":"WebPage","@id":"https:\/\/www.yiaho.com\/en\/anne-le-henanff-meet-the-new-french-minister-of-artificial-intelligence\/","url":"https:\/\/www.yiaho.com\/en\/anne-le-henanff-meet-the-new-french-minister-of-artificial-intelligence\/","name":"Anne Le H\u00e9nanff: Meet the new French Minister of Artificial Intelligence","isPartOf":{"@id":"https:\/\/www.yiaho.com\/en\/#website"},"primaryImageOfPage":{"@id":"https:\/\/www.yiaho.com\/en\/anne-le-henanff-meet-the-new-french-minister-of-artificial-intelligence\/#primaryimage"},"image":{"@id":"https:\/\/www.yiaho.com\/en\/anne-le-henanff-meet-the-new-french-minister-of-artificial-intelligence\/#primaryimage"},"thumbnailUrl":"https:\/\/www.yiaho.com\/wp-content\/uploads\/2025\/10\/ministre_ia_anne-le-henanff.jpg","datePublished":"2025-10-13T07:26:53+00:00","description":"Anne Le H\u00e9nanff, new Minister of AI and Digital Affairs in France. Here's her background and the challenges of artificial intelligence.","breadcrumb":{"@id":"https:\/\/www.yiaho.com\/en\/anne-le-henanff-meet-the-new-french-minister-of-artificial-intelligence\/#breadcrumb"},"inLanguage":"en-US","potentialAction":[{"@type":"ReadAction","target":["https:\/\/www.yiaho.com\/en\/anne-le-henanff-meet-the-new-french-minister-of-artificial-intelligence\/"]}]},{"@type":"ImageObject","inLanguage":"en-US","@id":"https:\/\/www.yiaho.com\/en\/anne-le-henanff-meet-the-new-french-minister-of-artificial-intelligence\/#primaryimage","url":"https:\/\/www.yiaho.com\/wp-content\/uploads\/2025\/10\/ministre_ia_anne-le-henanff.jpg","contentUrl":"https:\/\/www.yiaho.com\/wp-content\/uploads\/2025\/10\/ministre_ia_anne-le-henanff.jpg","width":1000,"height":598,"caption":"The new AI minister. Image source: annelehenanff.bzh"},{"@type":"BreadcrumbList","@id":"https:\/\/www.yiaho.com\/en\/anne-le-henanff-meet-the-new-french-minister-of-artificial-intelligence\/#breadcrumb","itemListElement":[{"@type":"ListItem","position":1,"name":"Accueil","item":"https:\/\/www.yiaho.com\/en\/home\/"},{"@type":"ListItem","position":2,"name":"Anne Le H\u00e9nanff: Meet the new French Minister of Artificial Intelligence"}]},{"@type":"WebSite","@id":"https:\/\/www.yiaho.com\/en\/#website","url":"https:\/\/www.yiaho.com\/en\/","name":"YIAHO","description":"L&#039;intelligence Artificielle gratuite en ligne et fran\u00e7aise","publisher":{"@id":"https:\/\/www.yiaho.com\/en\/#organization"},"potentialAction":[{"@type":"SearchAction","target":{"@type":"EntryPoint","urlTemplate":"https:\/\/www.yiaho.com\/en\/?s={search_term_string}"},"query-input":{"@type":"PropertyValueSpecification","valueRequired":true,"valueName":"search_term_string"}}],"inLanguage":"en-US"},{"@type":"Organization","@id":"https:\/\/www.yiaho.com\/en\/#organization","name":"Yiaho","url":"https:\/\/www.yiaho.com\/en\/","logo":{"@type":"ImageObject","inLanguage":"en-US","@id":"https:\/\/www.yiaho.com\/en\/#\/schema\/logo\/image\/","url":"https:\/\/www.yiaho.com\/wp-content\/uploads\/2025\/11\/YIAHO-logo.webp","contentUrl":"https:\/\/www.yiaho.com\/wp-content\/uploads\/2025\/11\/YIAHO-logo.webp","width":417,"height":424,"caption":"Yiaho"},"image":{"@id":"https:\/\/www.yiaho.com\/en\/#\/schema\/logo\/image\/"},"sameAs":["https:\/\/www.facebook.com\/yiaho.ia.gratuite","https:\/\/x.com\/Yiaho_AI"]},{"@type":"Person","@id":"https:\/\/www.yiaho.com\/en\/#\/schema\/person\/09fcc2462849b463e2b2511013897d80","name":"G. de Yiaho","image":{"@type":"ImageObject","inLanguage":"en-US","@id":"https:\/\/www.yiaho.com\/wp-content\/uploads\/2025\/11\/YIAHO-logo-96x96.webp","url":"https:\/\/www.yiaho.com\/wp-content\/uploads\/2025\/11\/YIAHO-logo-96x96.webp","contentUrl":"https:\/\/www.yiaho.com\/wp-content\/uploads\/2025\/11\/YIAHO-logo-96x96.webp","caption":"G. de Yiaho"}}]}},"_links":{"self":[{"href":"https:\/\/www.yiaho.com\/en\/wp-json\/wp\/v2\/posts\/13855","targetHints":{"allow":["GET"]}}],"collection":[{"href":"https:\/\/www.yiaho.com\/en\/wp-json\/wp\/v2\/posts"}],"about":[{"href":"https:\/\/www.yiaho.com\/en\/wp-json\/wp\/v2\/types\/post"}],"author":[{"embeddable":true,"href":"https:\/\/www.yiaho.com\/en\/wp-json\/wp\/v2\/users\/4"}],"replies":[{"embeddable":true,"href":"https:\/\/www.yiaho.com\/en\/wp-json\/wp\/v2\/comments?post=13855"}],"version-history":[{"count":0,"href":"https:\/\/www.yiaho.com\/en\/wp-json\/wp\/v2\/posts\/13855\/revisions"}],"wp:featuredmedia":[{"embeddable":true,"href":"https:\/\/www.yiaho.com\/en\/wp-json\/wp\/v2\/media\/13856"}],"wp:attachment":[{"href":"https:\/\/www.yiaho.com\/en\/wp-json\/wp\/v2\/media?parent=13855"}],"wp:term":[{"taxonomy":"category","embeddable":true,"href":"https:\/\/www.yiaho.com\/en\/wp-json\/wp\/v2\/categories?post=13855"},{"taxonomy":"post_tag","embeddable":true,"href":"https:\/\/www.yiaho.com\/en\/wp-json\/wp\/v2\/tags?post=13855"}],"curies":[{"name":"wp","href":"https:\/\/api.w.org\/{rel}","templated":true}]}}